{"id":3423,"date":"2024-08-16T09:03:46","date_gmt":"2024-08-16T09:03:46","guid":{"rendered":"https:\/\/religionoflight.org\/ns\/lightofgod\/?p=3423"},"modified":"2024-08-16T09:03:46","modified_gmt":"2024-08-16T09:03:46","slug":"lecturas-del-convenio-unido-para-el-viernes-16-de-agosto-2024","status":"publish","type":"post","link":"http:\/\/religionoflight.org\/ns\/lightofgod\/2024\/08\/16\/lecturas-del-convenio-unido-para-el-viernes-16-de-agosto-2024\/","title":{"rendered":"Lecturas del Convenio Unido para el Viernes, 16 de Agosto, 2024"},"content":{"rendered":"<p><span style=\"font-size: 21px;font-family: georgia, palatino;color: #000000\"><strong>Giliana Kudsha<\/strong><\/span><\/p>\n<p><span style=\"font-family: georgia, palatino;font-size: 21px;color: #000000\"><b>Vine a por Mis Ovejas<\/b><\/span><\/p>\n<p align=\"JUSTIFY\"><span style=\"font-family: georgia, palatino;font-size: 21px;color: #000000\">No vine a llamar al mundo a mi redil. Vine a por mis propias ovejas que conocen la voz de su pastor. Venid a m\u00ed y os llevar\u00e9 a las refrescantes aguas establecidas desde el principio por el Padre de la Grandeza.<\/span><\/p>\n<p align=\"JUSTIFY\"><span style=\"font-size: 21px;font-family: georgia, palatino;color: #000000\"><strong>Ense\u00f1anzas de la Luz Cap\u00edtulo 32:<\/strong><\/span><\/p>\n<p lang=\"es-ES\" align=\"LEFT\"><span style=\"font-family: georgia, palatino;font-size: 21px;color: #000000\"><i>Las Cuatro Cualidades del Jard\u00edn de la Verdad<\/i><\/span><\/p>\n<p lang=\"es-ES\" align=\"LEFT\"><span style=\"font-family: georgia, palatino;font-size: 21px;color: #000000\"><sup>1<\/sup> Los que me conocen tambi\u00e9n saben que yo ense\u00f1o las cualidades de la tolerancia, la igualdad, el balance y la paciencia. <\/span><\/p>\n<p lang=\"es-ES\" align=\"LEFT\"><span style=\"font-family: georgia, palatino;font-size: 21px;color: #000000\"><sup>2<\/sup> Si t\u00fa eres mi disc\u00edpulo, un hijo o hija de la Luz, sabes la importancia de practicar y exhibir estas cuatro cualidades de tolerancia, igualdad, balance y paciencia. En estas cuatro cualidades se encuentran dos de las cualidades m\u00e1s importantes, que son el amor y la paz. <\/span><\/p>\n<p lang=\"es-ES\" align=\"LEFT\"><span style=\"font-family: georgia, palatino;font-size: 21px;color: #000000\"><sup>3<\/sup> No pod\u00e9is amar al Padre de la Grandeza si no ten\u00e9is amor por vuestro pr\u00f3jimo. <\/span><\/p>\n<p lang=\"es-ES\" align=\"LEFT\"><span style=\"font-family: georgia, palatino;font-size: 21px;color: #000000\"><sup>4<\/sup> No me pod\u00e9is amar si estas cuatro cualidades no se encuentran dentro de vosotros. <\/span><\/p>\n<p lang=\"es-ES\" align=\"LEFT\"><span style=\"font-family: georgia, palatino;font-size: 21px;color: #000000\"><sup>5<\/sup> Lo contrario de estas cuatro cualidades puede llevar a uno a volverse culpable de intolerancia, odio, y hacer que uno tenga enfermedades mentales y orgullo. <\/span><\/p>\n<p lang=\"es-ES\" align=\"LEFT\"><span style=\"font-family: georgia, palatino;font-size: 21px;color: #000000\"><sup>6<\/sup> Todo lo que est\u00e1 en oposici\u00f3n a la tolerancia, la igualdad, el balance y la paciencia solo sirven como obst\u00e1culos en el camino hacia la perfecci\u00f3n en la Luz. <\/span><\/p>\n<p align=\"LEFT\"><span style=\"font-size: 21px;font-family: georgia, palatino;color: #000000\"><sup><span lang=\"es-ES\">7<\/span><\/sup><span lang=\"es-ES\"> Estad siempre atentos de eliminar la ciza\u00f1a y los cardos <\/span>\u2013 <span lang=\"es-ES\">los obst\u00e1culos que pueden crecer dentro de vosotros si no ten\u00e9is cuidado en vuestra pr\u00e1ctica de estas cualidades. <\/span><\/span><\/p>\n<p lang=\"es-ES\" align=\"LEFT\"><span style=\"font-family: georgia, palatino;font-size: 21px;color: #000000\"><sup>8<\/sup> Desarrollad estas cualidades cultivando el jard\u00edn de la verdad dentro de vuestro coraz\u00f3n y dentro de vuestra mente, y vuestras manos estar\u00e1n siempre trabajando en la verdad. <\/span><\/p>\n<p lang=\"es-ES\" align=\"LEFT\"><span style=\"font-family: georgia, palatino;font-size: 21px;color: #000000\"><sup>9<\/sup> Regad estas cualidades de manera regular como si regarais un jard\u00edn para que produzca frutos, hortalizas y flores buenos y resistentes. <\/span><\/p>\n<p lang=\"es-ES\" align=\"LEFT\"><span style=\"font-family: georgia, palatino;font-size: 21px;color: #000000\"><sup>10<\/sup> Para cultivar cada una de estas cualidades, que conducen a la perfecci\u00f3n del esp\u00edritu, todos los hijos e hijas de la Luz deben convertir en su deber diario estar orando siempre, practicar la meditaci\u00f3n, prestar atenci\u00f3n a lo que se os ha ense\u00f1ado, tratar a todos los seres vivos como os gustar\u00eda que os trataran, la pr\u00e1ctica de las Doce Virtudes, y en relaci\u00f3n al Libro Sagrado: leedlo, estudiadlo y aplicad su sabidur\u00eda en vuestra vida. <\/span><\/p>\n<p lang=\"es-ES\" align=\"LEFT\"><span style=\"font-family: georgia, palatino;font-size: 21px;color: #000000\"><sup>11<\/sup> Cultivad estas buenas cualidades, Oh vosotros Oyentes y Elegidos en la tierra, y encontrar\u00e9is la perfecci\u00f3n y la felicidad tanto en el presente como en el futuro. <\/span><\/p>\n<p lang=\"es-ES\" align=\"LEFT\"><span style=\"font-family: georgia, palatino;font-size: 21px;color: #000000\"><sup>12<\/sup> Mediante el cultivo continuo de estas cualidades vuestros ojos ver\u00e1n m\u00e1s Luz y vuestro camino sobre la tierra ser\u00e1 un reflejo de esa misma Luz \u2013 sirviendo siempre como un ejemplo de uno que ha sido digno de ser llamado dentro de la Religi\u00f3n de la Luz, por lo tanto trayendo gloria y honor al Padre de la Grandeza.<\/span><\/p>\n<p><span style=\"font-size: 21px;font-family: georgia, palatino;color: #000000\"><strong>Libro de la Verdad, La Visi\u00f3n Nocturna de Sim\u00f3n Pedro \u2013 152:4:<\/strong><\/span><\/p>\n<h2><span style=\"font-size: 21px;font-family: georgia, palatino;color: #000000\">4. La Visi\u00f3n Nocturna de Sim\u00f3n Pedro<\/span><\/h2>\n<div>\n<div id=\"U152_4_1\" class=\"rn s0\"><span style=\"font-size: 21px;font-family: georgia, palatino;color: #000000\">152:4.1<\/span><\/div>\n<p><span style=\"font-size: 21px;font-family: georgia, palatino;color: #000000\">Los ap\u00f3stoles, sin su Maestro\u2014que los hab\u00eda enviado de vuelta solos\u2013 subieron a la barca y en silencio empezaron a remar hacia Betsaida, en la orilla occidental del lago. Ninguno de los doce estaba m\u00e1s deprimido y anonadado que Sim\u00f3n Pedro. Apenas si se habl\u00f3 una palabra; estaban todos pensando en el Maestro, solo; en las colinas. \u00bfAcaso los hab\u00eda abandonado? Nunca antes los hab\u00eda enviado a todos de vuelta, neg\u00e1ndose a volverse con ellos. \u00bfQu\u00e9 significaba todo esto?<\/span><\/p>\n<\/div>\n<div>\n<div id=\"U152_4_2\" class=\"rn s0\"><span style=\"font-size: 21px;font-family: georgia, palatino;color: #000000\">152:4.2<\/span><\/div>\n<p><span style=\"font-size: 21px;font-family: georgia, palatino;color: #000000\">La oscuridad descendi\u00f3 sobre ellos, porque soplaba un fuerte viento en contra que les imped\u00eda avanzar. A medida que pasaban las horas de oscuridad y duro remar, Pedro, agotado, cay\u00f3 en un profundo sue\u00f1o. Andr\u00e9s y Santiago lo acarrearon al asiento acojinado en la popa de la barca. Mientras los dem\u00e1s ap\u00f3stoles luchaban contra el viento y las olas, Pedro tuvo un sue\u00f1o; vio una visi\u00f3n de Jes\u00fas que se les acercaba caminando sobre el mar. Cuando ya parec\u00eda el Maestro caminar pasando de largo junto a la barca, Pedro grit\u00f3: \u00abS\u00e1lvanos, Maestro, s\u00e1lvanos\u00bb. Los que estaban cerca de la popa de la barca le oyeron decir algunas de estas palabras. Continu\u00f3 esta aparici\u00f3n nocturna en la mente de Pedro, y so\u00f1\u00f3 que Jes\u00fas dec\u00eda: \u00abEstad de buen \u00e1nimo; s\u00ed, soy yo; no tem\u00e1is\u00bb. Fue \u00e9ste como el b\u00e1lsamo de Gilead para el alma atribulada de Pedro; seren\u00f3 su esp\u00edritu preocupado, de modo que (en su sue\u00f1o) grit\u00f3 al Maestro: \u00abSe\u00f1or, si eres realmente t\u00fa, conv\u00eddame a que camine contigo sobre las aguas\u00bb. Y sali\u00f3 Pedro caminando sobre el agua, y las olas embravecidas lo asustaron, y a punto de hundirse, grit\u00f3: \u00abSe\u00f1or, \u00a1s\u00e1lvame!\u00bb Muchos entre los doce oyeron su grito. Entonces Pedro so\u00f1\u00f3 que Jes\u00fas ven\u00eda a rescatarlo y, d\u00e1ndole la mano, lo aferraba y lo levantaba, diciendo: \u00abOh, t\u00fa con tan poca fe, \u00bfpor qu\u00e9 dudaste?\u00bb.<\/span><\/p>\n<\/div>\n<div>\n<div id=\"U152_4_3\" class=\"rn s0\"><span style=\"font-size: 21px;font-family: georgia, palatino;color: #000000\">152:4.3<\/span><\/div>\n<p><span style=\"font-size: 21px;font-family: georgia, palatino;color: #000000\">En relaci\u00f3n con la \u00faltima parte de su sue\u00f1o, Pedro en realidad se levant\u00f3 del asiento sobre el que dorm\u00eda y sali\u00f3 de la barca al agua. Y despert\u00f3 de su sue\u00f1o cuando Andr\u00e9s, Santiago y Juan corrieron a sacarlo del mar.<\/span><\/p>\n<\/div>\n<div>\n<div id=\"U152_4_4\" class=\"rn s0\"><span style=\"font-size: 21px;font-family: georgia, palatino;color: #000000\">152:4.4<\/span><\/div>\n<p><span style=\"font-size: 21px;font-family: georgia, palatino;color: #000000\">Para Pedro, esta experiencia fue siempre real. Cre\u00eda sinceramente que Jes\u00fas hab\u00eda venido durante la noche. Convenci\u00f3 s\u00f3lo parcialmente a Juan Marcos, lo cual explica por qu\u00e9 Marcos dej\u00f3 de mencionar en su narrativa una porci\u00f3n de esta historia. Lucas, el m\u00e9dico, quien investig\u00f3 cuidadosamente estos asuntos, concluy\u00f3 que el episodio fue una visi\u00f3n de Pedro y por consiguiente se neg\u00f3 a incluir este relato en la preparaci\u00f3n de su narrativa.<\/span><\/p>\n<\/div>\n","protected":false},"excerpt":{"rendered":"<p>Giliana Kudsha Vine a por Mis Ovejas No vine a llamar al mundo a mi redil. Vine a por mis propias ovejas que conocen la voz de su pastor. Venid a m\u00ed y os llevar\u00e9 a las refrescantes aguas establecidas desde el principio por el Padre de la Grandeza. Ense\u00f1anzas de la Luz Cap\u00edtulo 32: &#8230; <span class=\"more\"><a class=\"more-link\" href=\"http:\/\/religionoflight.org\/ns\/lightofgod\/2024\/08\/16\/lecturas-del-convenio-unido-para-el-viernes-16-de-agosto-2024\/\">[Read more&#8230;]<\/a><\/span><\/p>\n","protected":false},"author":3,"featured_media":0,"comment_status":"closed","ping_status":"open","sticky":false,"template":"","format":"standard","meta":{"footnotes":""},"categories":[49,52],"tags":[55,71,66,57,58,59,60,61,63,62,65,56,68,67,31,72,69,70,64,73,43,42],"class_list":{"0":"entry","1":"post","2":"publish","3":"author-lightofgod","4":"post-3423","6":"format-standard","7":"category-lectionary-readings","8":"category-readings-for-uc-gatherings","9":"post_tag-biblia-de-oahspe","10":"post_tag-calendario","11":"post_tag-eloi","12":"post_tag-era-kosmon","13":"post_tag-fideismo","14":"post_tag-fideistas","15":"post_tag-fielismo","16":"post_tag-fielistas","17":"post_tag-iglesia-fideista","18":"post_tag-iglesia-fielista","19":"post_tag-jehovi","20":"post_tag-la-biblia-oahspe","21":"post_tag-lecturas-del-leccionario","22":"post_tag-lecturas-diarias","23":"post_tag-oahspe","24":"post_tag-observancias","25":"post_tag-pacto-unido","26":"post_tag-pacto-unido-de-la-luz","27":"post_tag-religion-de-la-luz","28":"post_tag-shabbat","29":"post_tag-yeshua","30":"post_tag-yoshu"},"_links":{"self":[{"href":"http:\/\/religionoflight.org\/ns\/lightofgod\/wp-json\/wp\/v2\/posts\/3423","targetHints":{"allow":["GET"]}}],"collection":[{"href":"http:\/\/religionoflight.org\/ns\/lightofgod\/wp-json\/wp\/v2\/posts"}],"about":[{"href":"http:\/\/religionoflight.org\/ns\/lightofgod\/wp-json\/wp\/v2\/types\/post"}],"author":[{"embeddable":true,"href":"http:\/\/religionoflight.org\/ns\/lightofgod\/wp-json\/wp\/v2\/users\/3"}],"replies":[{"embeddable":true,"href":"http:\/\/religionoflight.org\/ns\/lightofgod\/wp-json\/wp\/v2\/comments?post=3423"}],"version-history":[{"count":1,"href":"http:\/\/religionoflight.org\/ns\/lightofgod\/wp-json\/wp\/v2\/posts\/3423\/revisions"}],"predecessor-version":[{"id":3424,"href":"http:\/\/religionoflight.org\/ns\/lightofgod\/wp-json\/wp\/v2\/posts\/3423\/revisions\/3424"}],"wp:attachment":[{"href":"http:\/\/religionoflight.org\/ns\/lightofgod\/wp-json\/wp\/v2\/media?parent=3423"}],"wp:term":[{"taxonomy":"category","embeddable":true,"href":"http:\/\/religionoflight.org\/ns\/lightofgod\/wp-json\/wp\/v2\/categories?post=3423"},{"taxonomy":"post_tag","embeddable":true,"href":"http:\/\/religionoflight.org\/ns\/lightofgod\/wp-json\/wp\/v2\/tags?post=3423"}],"curies":[{"name":"wp","href":"https:\/\/api.w.org\/{rel}","templated":true}]}}